{"id":8885,"date":"2025-07-08T14:06:30","date_gmt":"2025-07-08T12:06:30","guid":{"rendered":"https:\/\/www.montagnedessinges.com\/?p=8885"},"modified":"2026-03-04T09:57:12","modified_gmt":"2026-03-04T08:57:12","slug":"la-saison-des-naissances-bat-son-plein","status":"publish","type":"post","link":"https:\/\/www.montagnedessinges.com\/de\/fr-naissances-a-la-montagne-des-singes-un-printemps-plein-de-vie\/","title":{"rendered":"Die Geburtensaison ist in vollem Gange"},"content":{"rendered":"<p><\/p>\n<p class=\"p1\">In der Montagne des Singes in Kintzheim ist die Geburtensaison in vollem Gange:<\/p>\n<p class=\"p1\">Seit Fr\u00fchlingsbeginn wurden bereits neun Berberaffenbabys geboren \u2013 zur gro\u00dfen Freude des gesamten Teams.<\/p>\n<p class=\"p1\">Und es ist noch nicht vorbei! Die Geburtenzeit dauert noch bis Mitte Juli an.<\/p>\n<p class=\"p1\">Jede Geburt ist ein kleines Wunder\u2026 und ein gro\u00dfer Erfolg f\u00fcr den Schutz dieser bedrohten Art: In freier Wildbahn gibt es weltweit weniger als 8.000 Berberaffen. Die Neugeborenen in unserem Wald zu entdecken, ist ein echtes Privileg \u2013 und ein Hoffnungszeichen f\u00fcr die Zukunft. Wir freuen uns schon darauf, sie wachsen, spielen, selbstbewusst werden\u2026 und eines Tages selbst Eltern werden zu sehen.<\/p>\n<p class=\"p1\">Die Geburten finden ganz nat\u00fcrlich statt \u2013 hoch oben in den B\u00e4umen und meist unbemerkt in der Nacht, ganz wie in den nordafrikanischen W\u00e4ldern. Am fr\u00fchen Morgen entdeckt man dann mit Staunen eine Mutter, ihr Baby an sich geschmiegt, bereit, es der Gruppe\u2026 und unseren gl\u00fccklichen Besuchern vorzustellen!<\/p>\n<p class=\"p1\">Wie viele Babys genau geboren werden, wissen wir nie im Voraus. Wir beobachten das Verhalten der Weibchen, achten auf Anzeichen \u2013 und dann nimmt die Natur ihren Lauf. Im Durchschnitt werden jedes Jahr zwischen 10 und 15 Babys in der Montagne des Singes geboren.<\/p>\n\n\t\t<style type=\"text\/css\">\n\t\t\t#gallery-3 {\n\t\t\t\tmargin: auto;\n\t\t\t}\n\t\t\t#gallery-3 .gallery-item {\n\t\t\t\tfloat: left;\n\t\t\t\tmargin-top: 10px;\n\t\t\t\ttext-align: center;\n\t\t\t\twidth: 33%;\n\t\t\t}\n\t\t\t#gallery-3 img {\n\t\t\t\tborder: 2px solid #cfcfcf;\n\t\t\t}\n\t\t\t#gallery-3 .gallery-caption {\n\t\t\t\tmargin-left: 0;\n\t\t\t}\n\t\t\t\/* see gallery_shortcode() in wp-includes\/media.php *\/\n\t\t<\/style>\n\t\t<div id='gallery-3' class='gallery galleryid-8885 gallery-columns-3 gallery-size-thumbnail'><dl class='gallery-item'>\n\t\t\t<dt class='gallery-icon landscape'>\n\t\t\t\t<a href='https:\/\/www.montagnedessinges.com\/de\/fr-naissances-a-la-montagne-des-singes-un-printemps-plein-de-vie\/edited-253\/'><img loading=\"lazy\" decoding=\"async\" width=\"150\" height=\"150\" src=\"https:\/\/www.montagnedessinges.com\/wp-content\/uploads\/2025\/07\/Edited-253-1-150x150.jpg\" class=\"attachment-thumbnail size-thumbnail\" alt=\"b\u00e9b\u00e9 singes avec sa maman macaque de Barbarie \u00e0 la Montagne des Singes\" \/><\/a>\n\t\t\t<\/dt><\/dl><dl class='gallery-item'>\n\t\t\t<dt class='gallery-icon landscape'>\n\t\t\t\t<a href='https:\/\/www.montagnedessinges.com\/de\/fr-naissances-a-la-montagne-des-singes-un-printemps-plein-de-vie\/edited-251\/'><img loading=\"lazy\" decoding=\"async\" width=\"150\" height=\"150\" src=\"https:\/\/www.montagnedessinges.com\/wp-content\/uploads\/2025\/07\/Edited-251-1-150x150.jpg\" class=\"attachment-thumbnail size-thumbnail\" alt=\"b\u00e9b\u00e9 singes avec sa maman macaque de Barbarie \u00e0 la Montagne des Singes\" \/><\/a>\n\t\t\t<\/dt><\/dl><dl class='gallery-item'>\n\t\t\t<dt class='gallery-icon landscape'>\n\t\t\t\t<a href='https:\/\/www.montagnedessinges.com\/de\/fr-naissances-a-la-montagne-des-singes-un-printemps-plein-de-vie\/edited-227\/'><img loading=\"lazy\" decoding=\"async\" width=\"150\" height=\"150\" src=\"https:\/\/www.montagnedessinges.com\/wp-content\/uploads\/2025\/07\/Edited-227-2-150x150.jpg\" class=\"attachment-thumbnail size-thumbnail\" alt=\"b\u00e9b\u00e9 singes avec sa maman macaque de Barbarie \u00e0 la Montagne des Singes\" \/><\/a>\n\t\t\t<\/dt><\/dl><br style=\"clear: both\" \/><dl class='gallery-item'>\n\t\t\t<dt class='gallery-icon landscape'>\n\t\t\t\t<a href='https:\/\/www.montagnedessinges.com\/de\/fr-naissances-a-la-montagne-des-singes-un-printemps-plein-de-vie\/edited-220\/'><img loading=\"lazy\" decoding=\"async\" width=\"150\" height=\"150\" src=\"https:\/\/www.montagnedessinges.com\/wp-content\/uploads\/2025\/07\/Edited-220-2-150x150.jpg\" class=\"attachment-thumbnail size-thumbnail\" alt=\"b\u00e9b\u00e9 singes avec sa maman macaque de Barbarie \u00e0 la Montagne des Singes\" \/><\/a>\n\t\t\t<\/dt><\/dl><dl class='gallery-item'>\n\t\t\t<dt class='gallery-icon landscape'>\n\t\t\t\t<a href='https:\/\/www.montagnedessinges.com\/de\/fr-naissances-a-la-montagne-des-singes-un-printemps-plein-de-vie\/edited-219\/'><img loading=\"lazy\" decoding=\"async\" width=\"150\" height=\"150\" src=\"https:\/\/www.montagnedessinges.com\/wp-content\/uploads\/2025\/07\/Edited-219-1-150x150.jpg\" class=\"attachment-thumbnail size-thumbnail\" alt=\"b\u00e9b\u00e9 singes avec sa maman macaque de Barbarie \u00e0 la Montagne des Singes\" \/><\/a>\n\t\t\t<\/dt><\/dl><dl class='gallery-item'>\n\t\t\t<dt class='gallery-icon landscape'>\n\t\t\t\t<a href='https:\/\/www.montagnedessinges.com\/de\/fr-naissances-a-la-montagne-des-singes-un-printemps-plein-de-vie\/edited-216\/'><img loading=\"lazy\" decoding=\"async\" width=\"150\" height=\"150\" src=\"https:\/\/www.montagnedessinges.com\/wp-content\/uploads\/2025\/07\/Edited-216-2-150x150.jpg\" class=\"attachment-thumbnail size-thumbnail\" alt=\"b\u00e9b\u00e9 singes avec sa maman macaque de Barbarie \u00e0 la Montagne des Singes\" \/><\/a>\n\t\t\t<\/dt><\/dl><br style=\"clear: both\" \/><dl class='gallery-item'>\n\t\t\t<dt class='gallery-icon landscape'>\n\t\t\t\t<a href='https:\/\/www.montagnedessinges.com\/de\/fr-naissances-a-la-montagne-des-singes-un-printemps-plein-de-vie\/edited-213\/'><img loading=\"lazy\" decoding=\"async\" width=\"150\" height=\"150\" src=\"https:\/\/www.montagnedessinges.com\/wp-content\/uploads\/2025\/07\/Edited-213-2-150x150.jpg\" class=\"attachment-thumbnail size-thumbnail\" alt=\"b\u00e9b\u00e9 singes avec sa maman macaque de Barbarie \u00e0 la Montagne des Singes\" \/><\/a>\n\t\t\t<\/dt><\/dl><dl class='gallery-item'>\n\t\t\t<dt class='gallery-icon landscape'>\n\t\t\t\t<a href='https:\/\/www.montagnedessinges.com\/de\/fr-naissances-a-la-montagne-des-singes-un-printemps-plein-de-vie\/attachment\/8\/'><img loading=\"lazy\" decoding=\"async\" width=\"150\" height=\"150\" src=\"https:\/\/www.montagnedessinges.com\/wp-content\/uploads\/2025\/07\/8-150x150.png\" class=\"attachment-thumbnail size-thumbnail\" alt=\"\" srcset=\"https:\/\/www.montagnedessinges.com\/wp-content\/uploads\/2025\/07\/8-150x150.png 150w, https:\/\/www.montagnedessinges.com\/wp-content\/uploads\/2025\/07\/8-300x300.png 300w, https:\/\/www.montagnedessinges.com\/wp-content\/uploads\/2025\/07\/8-1024x1024.png 1024w, https:\/\/www.montagnedessinges.com\/wp-content\/uploads\/2025\/07\/8-768x768.png 768w, https:\/\/www.montagnedessinges.com\/wp-content\/uploads\/2025\/07\/8.png 1080w\" sizes=\"auto, (max-width: 150px) 100vw, 150px\" \/><\/a>\n\t\t\t<\/dt><\/dl>\n\t\t\t<br style='clear: both' \/>\n\t\t<\/div>\n\n<p class=\"p3\"><b>Babys\u2026 Friedensbotschafter?<\/b><b><\/b><\/p>\n<p class=\"p1\">Bei Berberaffen ist der Vater nicht bekannt \u2013 und doch k\u00fcmmern sich die M\u00e4nnchen liebevoll um den Nachwuchs. Sie tragen die Babys, wiegen sie, besch\u00fctzen sie\u2026 Eine r\u00fchrende Szene \u2013 und auch eine n\u00fctzliche: Ein M\u00e4nnchen, das ein Baby tr\u00e4gt, wird pl\u00f6tzlich viel beliebter bei seinen Artgenossen. Diese Interaktionen rund um die Kleinen f\u00f6rdern soziale Bindungen und Freundschaften innerhalb der Gruppe.<\/p>\n<p class=\"p3\"><b>Schwarzes Fell \u2013 deutlich zu erkennen<\/b><b><\/b><\/p>\n<p class=\"p1\">Berberaffenbabys werden mit einem schwarzen Fell geboren \u2013 ganz anders als das hellbraune Fell der Erwachsenen. Diese Farbe zieht die Aufmerksamkeit der Gruppe auf sich. Die Neugeborenen sind die kleinen Stars des Waldes!<\/p>\n<p class=\"p3\"><b>Ein Erlebnis zum Mitverfolgen<\/b><b><\/b><\/p>\n<p class=\"p1\">Ein Berberaffenbaby zu sehen, wie es den Wald erkundet, seine ersten tapsigen Schritte macht, sich an seine Mutter kuschelt oder mit anderen Gruppenmitgliedern interagiert \u2013 das ist ein unvergessliches Erlebnis. Erleben Sie diese magische Zeit hautnah \u2013 mitten in der Natur\u2026 und mitten im Leben.<\/p>\n<p class=\"p3\"><b>\u00dcber die Montagne des Singes<\/b><b><\/b><\/p>\n<p class=\"p1\">Unser 24 Hektar gro\u00dfer Park beherbergt \u00fcber 200 Berberaffen, die in Freiheit leben \u2013 unter Bedingungen, die ihrem nat\u00fcrlichen Lebensraum in Marokko und Algerien sehr nahekommen. Die Affen leben in sozialen Gruppen von 50 bis 70 Tieren und folgen dabei ihren eigenen Rhythmen.<\/p>\n<p><\/p>","protected":false},"excerpt":{"rendered":"<p>In der Montagne des Singes in Kintzheim ist die Geburtensaison in vollem Gange: Seit Fr\u00fchlingsbeginn wurden bereits neun Berberaffenbabys geboren \u2013 zur gro\u00dfen Freude des gesamten Teams. Und es ist noch nicht vorbei! Die Geburtenzeit dauert noch bis Mitte Juli an. Jede Geburt ist ein kleines Wunder\u2026 und ein gro\u00dfer Erfolg f\u00fcr den Schutz dieser [&hellip;]<\/p>\n","protected":false},"author":2,"featured_media":8898,"comment_status":"closed","ping_status":"closed","sticky":false,"template":"","format":"standard","meta":{"_acf_changed":false,"_seopress_robots_primary_cat":"none","_seopress_titles_title":"","_seopress_titles_desc":"","_seopress_robots_index":"","inline_featured_image":false,"footnotes":""},"categories":[41],"tags":[],"class_list":["post-8885","post","type-post","status-publish","format-standard","has-post-thumbnail","hentry","category-archives"],"acf":[],"publishpress_future_action":{"enabled":false,"date":"2026-05-07 04:49:10","action":"change-status","newStatus":"draft","terms":[],"taxonomy":"category","extraData":[]},"publishpress_future_workflow_manual_trigger":{"enabledWorkflows":[]},"_links":{"self":[{"href":"https:\/\/www.montagnedessinges.com\/de\/wp-json\/wp\/v2\/posts\/8885","targetHints":{"allow":["GET"]}}],"collection":[{"href":"https:\/\/www.montagnedessinges.com\/de\/wp-json\/wp\/v2\/posts"}],"about":[{"href":"https:\/\/www.montagnedessinges.com\/de\/wp-json\/wp\/v2\/types\/post"}],"author":[{"embeddable":true,"href":"https:\/\/www.montagnedessinges.com\/de\/wp-json\/wp\/v2\/users\/2"}],"replies":[{"embeddable":true,"href":"https:\/\/www.montagnedessinges.com\/de\/wp-json\/wp\/v2\/comments?post=8885"}],"version-history":[{"count":3,"href":"https:\/\/www.montagnedessinges.com\/de\/wp-json\/wp\/v2\/posts\/8885\/revisions"}],"predecessor-version":[{"id":8902,"href":"https:\/\/www.montagnedessinges.com\/de\/wp-json\/wp\/v2\/posts\/8885\/revisions\/8902"}],"wp:featuredmedia":[{"embeddable":true,"href":"https:\/\/www.montagnedessinges.com\/de\/wp-json\/wp\/v2\/media\/8898"}],"wp:attachment":[{"href":"https:\/\/www.montagnedessinges.com\/de\/wp-json\/wp\/v2\/media?parent=8885"}],"wp:term":[{"taxonomy":"category","embeddable":true,"href":"https:\/\/www.montagnedessinges.com\/de\/wp-json\/wp\/v2\/categories?post=8885"},{"taxonomy":"post_tag","embeddable":true,"href":"https:\/\/www.montagnedessinges.com\/de\/wp-json\/wp\/v2\/tags?post=8885"}],"curies":[{"name":"wp","href":"https:\/\/api.w.org\/{rel}","templated":true}]}}